{"id":289,"date":"2017-12-21T09:45:10","date_gmt":"2017-12-21T08:45:10","guid":{"rendered":"http:\/\/ski.cerknica.net\/?p=289"},"modified":"2017-12-21T09:46:04","modified_gmt":"2017-12-21T08:46:04","slug":"gremo-na-prvi-smucarski-dan","status":"publish","type":"post","link":"https:\/\/ski.cerknica.net\/index.php\/2017\/12\/21\/gremo-na-prvi-smucarski-dan\/","title":{"rendered":"Gremo na prvi smu\u010darski dan! :)"},"content":{"rendered":"<p>Kon\u010dno!<\/p>\n<p>V soboto 23.12. gremo na prvi smu\u010darski dan. Dobimo se ob 8.45 na Ski Bor \u010crni Vrh nad Idrijo. Najmlaj\u0161i smu\u010damo do predvidoma 11.00, starej\u0161i pa do 12.00.<\/p>\n<p>Se vidimo!<\/p>\n","protected":false},"excerpt":{"rendered":"<p>Kon\u010dno! V soboto 23.12. gremo na prvi smu\u010darski dan. Dobimo se ob 8.45 na Ski Bor \u010crni Vrh nad Idrijo. Najmlaj\u0161i smu\u010damo do predvidoma 11.00, starej\u0161i pa do 12.00. Se vidimo!<\/p>\n","protected":false},"author":3,"featured_media":165,"comment_status":"closed","ping_status":"closed","sticky":false,"template":"","format":"standard","meta":[],"categories":[1],"tags":[],"yoast_head":"<!-- This site is optimized with the Yoast SEO plugin v19.8 - https:\/\/yoast.com\/wordpress\/plugins\/seo\/ -->\n<title>Gremo na prvi smu\u010darski dan! :) - Smu\u010darski klub Cerknica<\/title>\n<meta name=\"robots\" content=\"index, follow, max-snippet:-1, max-image-preview:large, max-video-preview:-1\" \/>\n<link rel=\"canonical\" href=\"https:\/\/ski.cerknica.net\/index.php\/2017\/12\/21\/gremo-na-prvi-smucarski-dan\/\" \/>\n<meta property=\"og:locale\" content=\"en_US\" \/>\n<meta property=\"og:type\" content=\"article\" \/>\n<meta property=\"og:title\" content=\"Gremo na prvi smu\u010darski dan! :) - Smu\u010darski klub Cerknica\" \/>\n<meta property=\"og:description\" content=\"Kon\u010dno! V soboto 23.12. gremo na prvi smu\u010darski dan. Dobimo se ob 8.45 na Ski Bor \u010crni Vrh nad Idrijo. Najmlaj\u0161i smu\u010damo do predvidoma 11.00, starej\u0161i pa do 12.00. Se vidimo!\" \/>\n<meta property=\"og:url\" content=\"https:\/\/ski.cerknica.net\/index.php\/2017\/12\/21\/gremo-na-prvi-smucarski-dan\/\" \/>\n<meta property=\"og:site_name\" content=\"Smu\u010darski klub Cerknica\" \/>\n<meta property=\"article:publisher\" content=\"https:\/\/www.facebook.com\/skcerknica\/\" \/>\n<meta property=\"article:published_time\" content=\"2017-12-21T08:45:10+00:00\" \/>\n<meta property=\"article:modified_time\" content=\"2017-12-21T08:46:04+00:00\" \/>\n<meta property=\"og:image\" content=\"https:\/\/ski.cerknica.net\/wp-content\/uploads\/2017\/11\/WP_20161226_09_52_19_Pro_1600x900.jpg\" \/>\n\t<meta property=\"og:image:width\" content=\"1600\" \/>\n\t<meta property=\"og:image:height\" content=\"900\" \/>\n\t<meta property=\"og:image:type\" content=\"image\/jpeg\" \/>\n<meta name=\"author\" content=\"Ga\u0161per \u0160emrov\" \/>\n<meta name=\"twitter:card\" content=\"summary_large_image\" \/>\n<meta name=\"twitter:label1\" content=\"Written by\" \/>\n\t<meta name=\"twitter:data1\" content=\"Ga\u0161per \u0160emrov\" \/>\n<script type=\"application\/ld+json\" class=\"yoast-schema-graph\">{\"@context\":\"https:\/\/schema.org\",\"@graph\":[{\"@type\":\"Article\",\"@id\":\"https:\/\/ski.cerknica.net\/index.php\/2017\/12\/21\/gremo-na-prvi-smucarski-dan\/#article\",\"isPartOf\":{\"@id\":\"https:\/\/ski.cerknica.net\/index.php\/2017\/12\/21\/gremo-na-prvi-smucarski-dan\/\"},\"author\":{\"name\":\"Ga\u0161per \u0160emrov\",\"@id\":\"https:\/\/ski.cerknica.net\/#\/schema\/person\/dc845f2541f89d9ad7a93364080531c6\"},\"headline\":\"Gremo na prvi smu\u010darski dan! :)\",\"datePublished\":\"2017-12-21T08:45:10+00:00\",\"dateModified\":\"2017-12-21T08:46:04+00:00\",\"mainEntityOfPage\":{\"@id\":\"https:\/\/ski.cerknica.net\/index.php\/2017\/12\/21\/gremo-na-prvi-smucarski-dan\/\"},\"wordCount\":38,\"publisher\":{\"@id\":\"https:\/\/ski.cerknica.net\/#organization\"},\"articleSection\":[\"Tekme\"],\"inLanguage\":\"en-US\"},{\"@type\":\"WebPage\",\"@id\":\"https:\/\/ski.cerknica.net\/index.php\/2017\/12\/21\/gremo-na-prvi-smucarski-dan\/\",\"url\":\"https:\/\/ski.cerknica.net\/index.php\/2017\/12\/21\/gremo-na-prvi-smucarski-dan\/\",\"name\":\"Gremo na prvi smu\u010darski dan! :) - Smu\u010darski klub Cerknica\",\"isPartOf\":{\"@id\":\"https:\/\/ski.cerknica.net\/#website\"},\"datePublished\":\"2017-12-21T08:45:10+00:00\",\"dateModified\":\"2017-12-21T08:46:04+00:00\",\"breadcrumb\":{\"@id\":\"https:\/\/ski.cerknica.net\/index.php\/2017\/12\/21\/gremo-na-prvi-smucarski-dan\/#breadcrumb\"},\"inLanguage\":\"en-US\",\"potentialAction\":[{\"@type\":\"ReadAction\",\"target\":[\"https:\/\/ski.cerknica.net\/index.php\/2017\/12\/21\/gremo-na-prvi-smucarski-dan\/\"]}]},{\"@type\":\"BreadcrumbList\",\"@id\":\"https:\/\/ski.cerknica.net\/index.php\/2017\/12\/21\/gremo-na-prvi-smucarski-dan\/#breadcrumb\",\"itemListElement\":[{\"@type\":\"ListItem\",\"position\":1,\"name\":\"Home\",\"item\":\"https:\/\/ski.cerknica.net\/\"},{\"@type\":\"ListItem\",\"position\":2,\"name\":\"Gremo na prvi smu\u010darski dan! :)\"}]},{\"@type\":\"WebSite\",\"@id\":\"https:\/\/ski.cerknica.net\/#website\",\"url\":\"https:\/\/ski.cerknica.net\/\",\"name\":\"Smu\u010darski klub Cerknica\",\"description\":\"Klub veselih smu\u010darjev :)\",\"publisher\":{\"@id\":\"https:\/\/ski.cerknica.net\/#organization\"},\"potentialAction\":[{\"@type\":\"SearchAction\",\"target\":{\"@type\":\"EntryPoint\",\"urlTemplate\":\"https:\/\/ski.cerknica.net\/?s={search_term_string}\"},\"query-input\":\"required name=search_term_string\"}],\"inLanguage\":\"en-US\"},{\"@type\":\"Organization\",\"@id\":\"https:\/\/ski.cerknica.net\/#organization\",\"name\":\"Smu\u010darski klub Cerknica\",\"url\":\"https:\/\/ski.cerknica.net\/\",\"sameAs\":[\"https:\/\/www.facebook.com\/skcerknica\/\"],\"logo\":{\"@type\":\"ImageObject\",\"inLanguage\":\"en-US\",\"@id\":\"https:\/\/ski.cerknica.net\/#\/schema\/logo\/image\/\",\"url\":\"https:\/\/ski.cerknica.net\/wp-content\/uploads\/2017\/10\/logo_black.jpg\",\"contentUrl\":\"https:\/\/ski.cerknica.net\/wp-content\/uploads\/2017\/10\/logo_black.jpg\",\"width\":950,\"height\":960,\"caption\":\"Smu\u010darski klub Cerknica\"},\"image\":{\"@id\":\"https:\/\/ski.cerknica.net\/#\/schema\/logo\/image\/\"}},{\"@type\":\"Person\",\"@id\":\"https:\/\/ski.cerknica.net\/#\/schema\/person\/dc845f2541f89d9ad7a93364080531c6\",\"name\":\"Ga\u0161per \u0160emrov\",\"url\":\"https:\/\/ski.cerknica.net\/index.php\/author\/gasper\/\"}]}<\/script>\n<!-- \/ Yoast SEO plugin. -->","yoast_head_json":{"title":"Gremo na prvi smu\u010darski dan! :) - Smu\u010darski klub Cerknica","robots":{"index":"index","follow":"follow","max-snippet":"max-snippet:-1","max-image-preview":"max-image-preview:large","max-video-preview":"max-video-preview:-1"},"canonical":"https:\/\/ski.cerknica.net\/index.php\/2017\/12\/21\/gremo-na-prvi-smucarski-dan\/","og_locale":"en_US","og_type":"article","og_title":"Gremo na prvi smu\u010darski dan! :) - Smu\u010darski klub Cerknica","og_description":"Kon\u010dno! V soboto 23.12. gremo na prvi smu\u010darski dan. Dobimo se ob 8.45 na Ski Bor \u010crni Vrh nad Idrijo. Najmlaj\u0161i smu\u010damo do predvidoma 11.00, starej\u0161i pa do 12.00. Se vidimo!","og_url":"https:\/\/ski.cerknica.net\/index.php\/2017\/12\/21\/gremo-na-prvi-smucarski-dan\/","og_site_name":"Smu\u010darski klub Cerknica","article_publisher":"https:\/\/www.facebook.com\/skcerknica\/","article_published_time":"2017-12-21T08:45:10+00:00","article_modified_time":"2017-12-21T08:46:04+00:00","og_image":[{"width":1600,"height":900,"url":"https:\/\/ski.cerknica.net\/wp-content\/uploads\/2017\/11\/WP_20161226_09_52_19_Pro_1600x900.jpg","type":"image\/jpeg"}],"author":"Ga\u0161per \u0160emrov","twitter_card":"summary_large_image","twitter_misc":{"Written by":"Ga\u0161per \u0160emrov"},"schema":{"@context":"https:\/\/schema.org","@graph":[{"@type":"Article","@id":"https:\/\/ski.cerknica.net\/index.php\/2017\/12\/21\/gremo-na-prvi-smucarski-dan\/#article","isPartOf":{"@id":"https:\/\/ski.cerknica.net\/index.php\/2017\/12\/21\/gremo-na-prvi-smucarski-dan\/"},"author":{"name":"Ga\u0161per \u0160emrov","@id":"https:\/\/ski.cerknica.net\/#\/schema\/person\/dc845f2541f89d9ad7a93364080531c6"},"headline":"Gremo na prvi smu\u010darski dan! :)","datePublished":"2017-12-21T08:45:10+00:00","dateModified":"2017-12-21T08:46:04+00:00","mainEntityOfPage":{"@id":"https:\/\/ski.cerknica.net\/index.php\/2017\/12\/21\/gremo-na-prvi-smucarski-dan\/"},"wordCount":38,"publisher":{"@id":"https:\/\/ski.cerknica.net\/#organization"},"articleSection":["Tekme"],"inLanguage":"en-US"},{"@type":"WebPage","@id":"https:\/\/ski.cerknica.net\/index.php\/2017\/12\/21\/gremo-na-prvi-smucarski-dan\/","url":"https:\/\/ski.cerknica.net\/index.php\/2017\/12\/21\/gremo-na-prvi-smucarski-dan\/","name":"Gremo na prvi smu\u010darski dan! :) - Smu\u010darski klub Cerknica","isPartOf":{"@id":"https:\/\/ski.cerknica.net\/#website"},"datePublished":"2017-12-21T08:45:10+00:00","dateModified":"2017-12-21T08:46:04+00:00","breadcrumb":{"@id":"https:\/\/ski.cerknica.net\/index.php\/2017\/12\/21\/gremo-na-prvi-smucarski-dan\/#breadcrumb"},"inLanguage":"en-US","potentialAction":[{"@type":"ReadAction","target":["https:\/\/ski.cerknica.net\/index.php\/2017\/12\/21\/gremo-na-prvi-smucarski-dan\/"]}]},{"@type":"BreadcrumbList","@id":"https:\/\/ski.cerknica.net\/index.php\/2017\/12\/21\/gremo-na-prvi-smucarski-dan\/#breadcrumb","itemListElement":[{"@type":"ListItem","position":1,"name":"Home","item":"https:\/\/ski.cerknica.net\/"},{"@type":"ListItem","position":2,"name":"Gremo na prvi smu\u010darski dan! :)"}]},{"@type":"WebSite","@id":"https:\/\/ski.cerknica.net\/#website","url":"https:\/\/ski.cerknica.net\/","name":"Smu\u010darski klub Cerknica","description":"Klub veselih smu\u010darjev :)","publisher":{"@id":"https:\/\/ski.cerknica.net\/#organization"},"potentialAction":[{"@type":"SearchAction","target":{"@type":"EntryPoint","urlTemplate":"https:\/\/ski.cerknica.net\/?s={search_term_string}"},"query-input":"required name=search_term_string"}],"inLanguage":"en-US"},{"@type":"Organization","@id":"https:\/\/ski.cerknica.net\/#organization","name":"Smu\u010darski klub Cerknica","url":"https:\/\/ski.cerknica.net\/","sameAs":["https:\/\/www.facebook.com\/skcerknica\/"],"logo":{"@type":"ImageObject","inLanguage":"en-US","@id":"https:\/\/ski.cerknica.net\/#\/schema\/logo\/image\/","url":"https:\/\/ski.cerknica.net\/wp-content\/uploads\/2017\/10\/logo_black.jpg","contentUrl":"https:\/\/ski.cerknica.net\/wp-content\/uploads\/2017\/10\/logo_black.jpg","width":950,"height":960,"caption":"Smu\u010darski klub Cerknica"},"image":{"@id":"https:\/\/ski.cerknica.net\/#\/schema\/logo\/image\/"}},{"@type":"Person","@id":"https:\/\/ski.cerknica.net\/#\/schema\/person\/dc845f2541f89d9ad7a93364080531c6","name":"Ga\u0161per \u0160emrov","url":"https:\/\/ski.cerknica.net\/index.php\/author\/gasper\/"}]}},"_links":{"self":[{"href":"https:\/\/ski.cerknica.net\/index.php\/wp-json\/wp\/v2\/posts\/289"}],"collection":[{"href":"https:\/\/ski.cerknica.net\/index.php\/wp-json\/wp\/v2\/posts"}],"about":[{"href":"https:\/\/ski.cerknica.net\/index.php\/wp-json\/wp\/v2\/types\/post"}],"author":[{"embeddable":true,"href":"https:\/\/ski.cerknica.net\/index.php\/wp-json\/wp\/v2\/users\/3"}],"replies":[{"embeddable":true,"href":"https:\/\/ski.cerknica.net\/index.php\/wp-json\/wp\/v2\/comments?post=289"}],"version-history":[{"count":2,"href":"https:\/\/ski.cerknica.net\/index.php\/wp-json\/wp\/v2\/posts\/289\/revisions"}],"predecessor-version":[{"id":291,"href":"https:\/\/ski.cerknica.net\/index.php\/wp-json\/wp\/v2\/posts\/289\/revisions\/291"}],"wp:featuredmedia":[{"embeddable":true,"href":"https:\/\/ski.cerknica.net\/index.php\/wp-json\/wp\/v2\/media\/165"}],"wp:attachment":[{"href":"https:\/\/ski.cerknica.net\/index.php\/wp-json\/wp\/v2\/media?parent=289"}],"wp:term":[{"taxonomy":"category","embeddable":true,"href":"https:\/\/ski.cerknica.net\/index.php\/wp-json\/wp\/v2\/categories?post=289"},{"taxonomy":"post_tag","embeddable":true,"href":"https:\/\/ski.cerknica.net\/index.php\/wp-json\/wp\/v2\/tags?post=289"}],"curies":[{"name":"wp","href":"https:\/\/api.w.org\/{rel}","templated":true}]}}