{"id":680,"date":"2025-06-14T12:49:00","date_gmt":"2025-06-14T10:49:00","guid":{"rendered":"https:\/\/ski.cerknica.net\/?p=680"},"modified":"2025-08-14T12:51:16","modified_gmt":"2025-08-14T10:51:16","slug":"zakljucena-odlicna-sezona-2024-2025-smucarskega-kluba-cerknica","status":"publish","type":"post","link":"https:\/\/ski.cerknica.net\/index.php\/2025\/06\/14\/zakljucena-odlicna-sezona-2024-2025-smucarskega-kluba-cerknica\/","title":{"rendered":"Zaklju\u010dena odli\u010dna sezona 2024\/2025 Smu\u010darskega kluba Cerknica"},"content":{"rendered":"\n<p>Ob koncu sezone se v Smu\u010darskem klubu Cerknica z zadovoljstvom ozremo nazaj in opravimo hiter, a<br>ponosen pregled uspehov, dose\u017ekov in utrinkov, ki so zaznamovali zimo 2024\/2025. Klub je \u0161e enkrat<br>dokazal, da z vztrajnostjo, ekipnim duhom, predanim delom in podporo skupnosti lahko dose\u017ee<br>veliko \u2013 tako na lokalni in dr\u017eavni kot na mednarodni ravni.<\/p>\n\n\n\n<p>Za nami je sezona, ki jo bodo \u0161tevilni \u010dlani, trenerji in star\u0161i pomnili po \u0161tevilnih uspe\u0161no izvedenih<br>dogodkih, izjemnih tekmovanjih, napredku mladih tekmovalcev in nepozabnih trenutkih na snegu,<br>kar potrjuje, da klub ostaja mo\u010dan steber cerkni\u0161kega \u0161porta in vzgoje mladih talentov.<br>Otvoritveni dogodek je bila izvedba Teka ob Cerkni\u0161kem jezeru v za\u010detku junija. Sledil je te\u017eko<br>pri\u010dakovani tabor pre\u017eivetja v naravi biatloncev, ki so se iz Cerknice pogumno s kolesi odpeljali na<br>Studenec novim dogodiv\u0161\u010dinam naproti. Pod vodstvom trenerjev so sami postavili \u0161otor, zakurili<br>ogenj, pripravljali obroke, se pomerili v paint ballu, obiskali zanimive kraje na Blokah, se pomerili v<br>raznih igrah\u2026..in \u0161e in \u0161e.<br>Biatlonci so pridno trenirali celo poletje, avgusta so bili na \u017ee tradicionalnih klubskih pripravah v<br>Delnicah, saj so pogoji za treninge, dru\u017eenje in kvalitetno pre\u017eivet prosti \u010das poleti tam idealni.<br>Jesenski so s treningi pri\u010deli tudi najmlaj\u0161i smu\u010darji in se pripravljali na zimsko vijuganje na sne\u017enih<br>strminah.<br>Vsi smo z veseljem pomagali pri izvedbi dr\u017eavnega tekmovanja v poletnem biatlonu na teka\u0161kih<br>rolkah na zra\u010dnem oro\u017eju za Pokal Argeta Junior v Podskrajniku. Zelo smo ponosni, da smo prvi klub,<br>ki nam je uspelo tako tekmovanje v biatlonu izpeljati v svojem doma\u010dem kraju, saj so do sedaj<br>tovrstna tekmovanja v biatlonu v Sloveniji potekala le na Pokljuki in da je cerkni\u0161ke barve zastopalo<br>kar 15 mladih biatloncev. Velika zahvala tudi podjetju Fragmat, ki nam je omogo\u010dil tako krasen<br>prireditveni prostor.<br>Zadnjo soboto v novembru je potekal tradicionalni smu\u010darski sejem v centru Petka O\u0160 Cerknica, da<br>smo lahko pripravljeni pri\u010dakali prvi sneg, s katerim nas je narava obdarila konec decembra.<br>Tako so na\u0161i najmlaj\u0161i lahko v centru Srebrno jezero nabirali svoje prve kilometre na teka\u0161kih smu\u010deh<br>in pridno lovili ravnote\u017eje. Veseli smo bili tudi obiska ob\u010danov, nekateri \u017ee izku\u0161eni v teku na smu\u010deh,<br>drugi prvi\u010d na teka\u0161kih smu\u010deh, vsem pa je bilo skupno pre\u017eivljanje \u0161portnih trenutkov na sve\u017eem<br>zraku, na snegu v doma\u010dem kraju. Kasneje zimske razmere v na\u0161ih krajih niso bile ve\u010d radodarne s<br>snegom, tako so v februarju potekale klubske priprave mlaj\u0161ih biatloncev na Pokljuki na zaklju\u010dni del<br>sezone.<br>Zimski treningi mlaj\u0161ih alpskih navdu\u0161encev so potekali na Ski Bor \u010crni Vrh, u\u010ditelji smu\u010danja so<br>poro\u010dali o navdu\u0161enju nad na\u0161imi najmlaj\u0161imi smu\u010darji. Da nam u\u010diteljev tudi v prihodnje ne bo<br>primanjkovalo, smo zopet organizirali zimovanje za srednje\u0161olce, priprave na te\u010daj za u\u010ditelja<br>smu\u010danja v smu\u010darskem centru Folgaria. Tam je potekalo tudi otvoritveno smu\u010danje decembra in<br>zaklju\u010dno smu\u010danje marca, dogodka, ki vsako leto privabita ve\u010d ob\u010danov. Ni jih malo, ki so obljubili<br>udele\u017ebo \u017ee za prihodnjo sezono in ponesli dober glas o dogodkih SK Cerknica izven lokalnih meja.<br>Sem lahko pri\u0161tejemo tudi zimovanje otrok na Rogli. To za mnoge otroke pomeni uvod v odli\u010dno<br>poznavanje tehnik smu\u010danja, \u0161portno odli\u010dnost, ki jih nato spremlja skozi odraslo obdobje.<br>Dru\u017eenje, tkanje medsebojnih vezi, skupno sodelovanje in pomo\u010d, vse to so sestavni deli na\u0161ih<br>\u0161portnih dogodkov in verjamemo, da s pripomoremo k bogatim \u017eivljenjskim izku\u0161njam vsem<br>udele\u017eencev.<\/p>\n\n\n\n<p>Moramo omeniti \u0161e zanimivo februarsko izku\u0161njo, ko smo prisko\u010dili na pomo\u010d sosedom Hrvatom. Iz<br>ob\u010dine \u010cabar so nas prosili za pomo\u010d pri ureditvi sankali\u0161\u010da v Gorskem Kotarju, \u010dlana Peter in Bo\u0161tjan<br>sta se nemudoma odzvala, uredila prevoz teptalca snega za ureditev prog in naloga je bila brezhibno<br>opravljena. Verjamemo, da skupaj zmoremo ve\u010d.<br>Sezona je bila pre\u017eeta tudi z izjemnimi dose\u017eki tekmovalcev biatloncev, dokaz ve\u010d, da gre delo kluba v<br>pravi smeri in vzgajamo mlade \u0161portne talente.<br>Da biatlonci celega sveta vedo, kje je Slovenija, sta poskrbeli prav na\u0161i dekleti, Manca in Ajda. Izredno<br>smo ponosni na neverjetno 3. mesto Mance Caserman na mladinskem svetovnem prvenstvu na<br>\u0160vedskem ter na 2. mesto Ajde \u0160pitalar na olimpijskem festivalu evropske mladine v Gruziji.<br>Veseli na tudi pogled na skupno to\u010dkovanje slovenskega Pokala Argeta Junior in Pokala Zavarovalnice<br>Triglav v biatlonu za sezono 2024-2025 smo dosegli 5. mesto med 11 klubi, na\u0161i tekmovalci so osvojili<br>dvanajst odstotkov to\u010dk in kar \u0161tirje cerkni\u0161ki biatlonci so zmagovalci v svojih kategorijah v skupnem<br>se\u0161tevku. Ajda \u0160pitalar (mladinke), Nika Pelan (mlaj\u0161e mladinke), Vitan Ule (starej\u0161i de\u010dki) in Vid<br>Baraga (mlaj\u0161i de\u010dki). Manca in Val sta v svojih kategorijah dosegla odli\u010dni drugi mesti.<br>Manca, Ajda, Nika, Julija, Jaka, Gaja, Eva, Maj, Luka, Vitan, Vid, Val, Andrej, Nik, Lovro, Fabrizio, Ela,<br>Luna, Iris, Ajda, Alina in Metka, vsi vi ste dodali svoj ko\u0161\u010dek v mozaik leto\u0161nje zelo uspe\u0161ne<br>tekmovalne sezone.<br>S svojo predanostjo in borbenostjo so na vsakem tekmovanju pokazali, kaj pomeni biti del na\u0161e ekipe<br>\u2013 ekipni duh, \u0161portno srce in nepopustljivost v vseh razmerah.<br>Naj bo ta sezona le \u0161e ena stopni\u010dka na poti do \u0161e ve\u010djih dose\u017ekov. Ponosni smo prav na vsakega in se<br>\u017ee veselimo novih izzivov, ki jih bodo prinesle prihodnje sezone. Sedaj sledi zaslu\u017een po\u010ditek, \u010das za<br>pogled nazaj in zastavljanje novih ciljev za prihodnost.<br>Nikakor pa ne pozabimo na na\u0161e najmlaj\u0161e, ki vsak teden pridno trenirajo in \u0161e \u010dakajo na svoja prva<br>tekmovanja v biatlonu. Prav ob pogledu na \u0161tevilne navdu\u0161ene najmlaj\u0161e \u010dlane na\u0161ega kluba vemo,<br>da se tudi v prihodnjih sezonah lahko nadejamo odli\u010dnih rezultatov tekmovalcev SK Cerknica.<br>Ob zaklju\u010dku izjemne sezone se iz srca zahvaljujemo vsem, ki ste verjeli v nas, nas podpirali in<br>omogo\u010dili delovanje Smu\u010darskega kluba Cerknica. Posebna zahvala gre na\u0161im partnerjem: Ob\u010dina<br>Cerknica, Elgo-Nova d.o.o., WEMEX d.o.o., FRAGMAT TIM d.o.o., Zavarovalnica Triglav d.d. in<br>Smu\u010darska zveza Slovenije. Skupaj ustvarjamo zgodbo uspeha \u2013 hvala, ker ste del nje in ker s svojo<br>podporo omogo\u010date razvoj mladih \u0161portnikov, kakovostne treninge, uspe\u0161ne nastope in pozitivno<br>\u0161portno okolje.<\/p>\n","protected":false},"excerpt":{"rendered":"<p>Ob koncu sezone se v Smu\u010darskem klubu Cerknica z zadovoljstvom ozremo nazaj in opravimo hiter, aponosen pregled uspehov, dose\u017ekov in utrinkov, ki so zaznamovali zimo 2024\/2025. Klub je \u0161e enkratdokazal, da z vztrajnostjo, ekipnim duhom, predanim delom in podporo skupnosti lahko dose\u017eeveliko \u2013 tako na lokalni in dr\u017eavni kot na mednarodni ravni. Za nami je [&hellip;]<\/p>\n","protected":false},"author":1,"featured_media":0,"comment_status":"closed","ping_status":"closed","sticky":false,"template":"","format":"standard","meta":[],"categories":[2],"tags":[],"yoast_head":"<!-- This site is optimized with the Yoast SEO plugin v19.8 - https:\/\/yoast.com\/wordpress\/plugins\/seo\/ -->\n<title>Zaklju\u010dena odli\u010dna sezona 2024\/2025 Smu\u010darskega kluba Cerknica - Smu\u010darski klub Cerknica<\/title>\n<meta name=\"robots\" content=\"index, follow, max-snippet:-1, max-image-preview:large, max-video-preview:-1\" \/>\n<link rel=\"canonical\" href=\"https:\/\/ski.cerknica.net\/index.php\/2025\/06\/14\/zakljucena-odlicna-sezona-2024-2025-smucarskega-kluba-cerknica\/\" \/>\n<meta property=\"og:locale\" content=\"en_US\" \/>\n<meta property=\"og:type\" content=\"article\" \/>\n<meta property=\"og:title\" content=\"Zaklju\u010dena odli\u010dna sezona 2024\/2025 Smu\u010darskega kluba Cerknica - Smu\u010darski klub Cerknica\" \/>\n<meta property=\"og:description\" content=\"Ob koncu sezone se v Smu\u010darskem klubu Cerknica z zadovoljstvom ozremo nazaj in opravimo hiter, aponosen pregled uspehov, dose\u017ekov in utrinkov, ki so zaznamovali zimo 2024\/2025. Klub je \u0161e enkratdokazal, da z vztrajnostjo, ekipnim duhom, predanim delom in podporo skupnosti lahko dose\u017eeveliko \u2013 tako na lokalni in dr\u017eavni kot na mednarodni ravni. Za nami je [&hellip;]\" \/>\n<meta property=\"og:url\" content=\"https:\/\/ski.cerknica.net\/index.php\/2025\/06\/14\/zakljucena-odlicna-sezona-2024-2025-smucarskega-kluba-cerknica\/\" \/>\n<meta property=\"og:site_name\" content=\"Smu\u010darski klub Cerknica\" \/>\n<meta property=\"article:publisher\" content=\"https:\/\/www.facebook.com\/skcerknica\/\" \/>\n<meta property=\"article:published_time\" content=\"2025-06-14T10:49:00+00:00\" \/>\n<meta property=\"article:modified_time\" content=\"2025-08-14T10:51:16+00:00\" \/>\n<meta name=\"author\" content=\"admin\" \/>\n<meta name=\"twitter:card\" content=\"summary_large_image\" \/>\n<meta name=\"twitter:label1\" content=\"Written by\" \/>\n\t<meta name=\"twitter:data1\" content=\"admin\" \/>\n\t<meta name=\"twitter:label2\" content=\"Est. reading time\" \/>\n\t<meta name=\"twitter:data2\" content=\"5 minutes\" \/>\n<script type=\"application\/ld+json\" class=\"yoast-schema-graph\">{\"@context\":\"https:\/\/schema.org\",\"@graph\":[{\"@type\":\"Article\",\"@id\":\"https:\/\/ski.cerknica.net\/index.php\/2025\/06\/14\/zakljucena-odlicna-sezona-2024-2025-smucarskega-kluba-cerknica\/#article\",\"isPartOf\":{\"@id\":\"https:\/\/ski.cerknica.net\/index.php\/2025\/06\/14\/zakljucena-odlicna-sezona-2024-2025-smucarskega-kluba-cerknica\/\"},\"author\":{\"name\":\"admin\",\"@id\":\"https:\/\/ski.cerknica.net\/#\/schema\/person\/2d15ae2f9eeba4348810917484286e4d\"},\"headline\":\"Zaklju\u010dena odli\u010dna sezona 2024\/2025 Smu\u010darskega kluba Cerknica\",\"datePublished\":\"2025-06-14T10:49:00+00:00\",\"dateModified\":\"2025-08-14T10:51:16+00:00\",\"mainEntityOfPage\":{\"@id\":\"https:\/\/ski.cerknica.net\/index.php\/2025\/06\/14\/zakljucena-odlicna-sezona-2024-2025-smucarskega-kluba-cerknica\/\"},\"wordCount\":1038,\"publisher\":{\"@id\":\"https:\/\/ski.cerknica.net\/#organization\"},\"articleSection\":[\"Splo\u0161no\"],\"inLanguage\":\"en-US\"},{\"@type\":\"WebPage\",\"@id\":\"https:\/\/ski.cerknica.net\/index.php\/2025\/06\/14\/zakljucena-odlicna-sezona-2024-2025-smucarskega-kluba-cerknica\/\",\"url\":\"https:\/\/ski.cerknica.net\/index.php\/2025\/06\/14\/zakljucena-odlicna-sezona-2024-2025-smucarskega-kluba-cerknica\/\",\"name\":\"Zaklju\u010dena odli\u010dna sezona 2024\/2025 Smu\u010darskega kluba Cerknica - Smu\u010darski klub Cerknica\",\"isPartOf\":{\"@id\":\"https:\/\/ski.cerknica.net\/#website\"},\"datePublished\":\"2025-06-14T10:49:00+00:00\",\"dateModified\":\"2025-08-14T10:51:16+00:00\",\"breadcrumb\":{\"@id\":\"https:\/\/ski.cerknica.net\/index.php\/2025\/06\/14\/zakljucena-odlicna-sezona-2024-2025-smucarskega-kluba-cerknica\/#breadcrumb\"},\"inLanguage\":\"en-US\",\"potentialAction\":[{\"@type\":\"ReadAction\",\"target\":[\"https:\/\/ski.cerknica.net\/index.php\/2025\/06\/14\/zakljucena-odlicna-sezona-2024-2025-smucarskega-kluba-cerknica\/\"]}]},{\"@type\":\"BreadcrumbList\",\"@id\":\"https:\/\/ski.cerknica.net\/index.php\/2025\/06\/14\/zakljucena-odlicna-sezona-2024-2025-smucarskega-kluba-cerknica\/#breadcrumb\",\"itemListElement\":[{\"@type\":\"ListItem\",\"position\":1,\"name\":\"Home\",\"item\":\"https:\/\/ski.cerknica.net\/\"},{\"@type\":\"ListItem\",\"position\":2,\"name\":\"Zaklju\u010dena odli\u010dna sezona 2024\/2025 Smu\u010darskega kluba Cerknica\"}]},{\"@type\":\"WebSite\",\"@id\":\"https:\/\/ski.cerknica.net\/#website\",\"url\":\"https:\/\/ski.cerknica.net\/\",\"name\":\"Smu\u010darski klub Cerknica\",\"description\":\"Klub veselih smu\u010darjev :)\",\"publisher\":{\"@id\":\"https:\/\/ski.cerknica.net\/#organization\"},\"potentialAction\":[{\"@type\":\"SearchAction\",\"target\":{\"@type\":\"EntryPoint\",\"urlTemplate\":\"https:\/\/ski.cerknica.net\/?s={search_term_string}\"},\"query-input\":\"required name=search_term_string\"}],\"inLanguage\":\"en-US\"},{\"@type\":\"Organization\",\"@id\":\"https:\/\/ski.cerknica.net\/#organization\",\"name\":\"Smu\u010darski klub Cerknica\",\"url\":\"https:\/\/ski.cerknica.net\/\",\"sameAs\":[\"https:\/\/www.facebook.com\/skcerknica\/\"],\"logo\":{\"@type\":\"ImageObject\",\"inLanguage\":\"en-US\",\"@id\":\"https:\/\/ski.cerknica.net\/#\/schema\/logo\/image\/\",\"url\":\"https:\/\/ski.cerknica.net\/wp-content\/uploads\/2017\/10\/logo_black.jpg\",\"contentUrl\":\"https:\/\/ski.cerknica.net\/wp-content\/uploads\/2017\/10\/logo_black.jpg\",\"width\":950,\"height\":960,\"caption\":\"Smu\u010darski klub Cerknica\"},\"image\":{\"@id\":\"https:\/\/ski.cerknica.net\/#\/schema\/logo\/image\/\"}},{\"@type\":\"Person\",\"@id\":\"https:\/\/ski.cerknica.net\/#\/schema\/person\/2d15ae2f9eeba4348810917484286e4d\",\"name\":\"admin\",\"url\":\"https:\/\/ski.cerknica.net\/index.php\/author\/jr8qrlk3\/\"}]}<\/script>\n<!-- \/ Yoast SEO plugin. -->","yoast_head_json":{"title":"Zaklju\u010dena odli\u010dna sezona 2024\/2025 Smu\u010darskega kluba Cerknica - Smu\u010darski klub Cerknica","robots":{"index":"index","follow":"follow","max-snippet":"max-snippet:-1","max-image-preview":"max-image-preview:large","max-video-preview":"max-video-preview:-1"},"canonical":"https:\/\/ski.cerknica.net\/index.php\/2025\/06\/14\/zakljucena-odlicna-sezona-2024-2025-smucarskega-kluba-cerknica\/","og_locale":"en_US","og_type":"article","og_title":"Zaklju\u010dena odli\u010dna sezona 2024\/2025 Smu\u010darskega kluba Cerknica - Smu\u010darski klub Cerknica","og_description":"Ob koncu sezone se v Smu\u010darskem klubu Cerknica z zadovoljstvom ozremo nazaj in opravimo hiter, aponosen pregled uspehov, dose\u017ekov in utrinkov, ki so zaznamovali zimo 2024\/2025. Klub je \u0161e enkratdokazal, da z vztrajnostjo, ekipnim duhom, predanim delom in podporo skupnosti lahko dose\u017eeveliko \u2013 tako na lokalni in dr\u017eavni kot na mednarodni ravni. Za nami je [&hellip;]","og_url":"https:\/\/ski.cerknica.net\/index.php\/2025\/06\/14\/zakljucena-odlicna-sezona-2024-2025-smucarskega-kluba-cerknica\/","og_site_name":"Smu\u010darski klub Cerknica","article_publisher":"https:\/\/www.facebook.com\/skcerknica\/","article_published_time":"2025-06-14T10:49:00+00:00","article_modified_time":"2025-08-14T10:51:16+00:00","author":"admin","twitter_card":"summary_large_image","twitter_misc":{"Written by":"admin","Est. reading time":"5 minutes"},"schema":{"@context":"https:\/\/schema.org","@graph":[{"@type":"Article","@id":"https:\/\/ski.cerknica.net\/index.php\/2025\/06\/14\/zakljucena-odlicna-sezona-2024-2025-smucarskega-kluba-cerknica\/#article","isPartOf":{"@id":"https:\/\/ski.cerknica.net\/index.php\/2025\/06\/14\/zakljucena-odlicna-sezona-2024-2025-smucarskega-kluba-cerknica\/"},"author":{"name":"admin","@id":"https:\/\/ski.cerknica.net\/#\/schema\/person\/2d15ae2f9eeba4348810917484286e4d"},"headline":"Zaklju\u010dena odli\u010dna sezona 2024\/2025 Smu\u010darskega kluba Cerknica","datePublished":"2025-06-14T10:49:00+00:00","dateModified":"2025-08-14T10:51:16+00:00","mainEntityOfPage":{"@id":"https:\/\/ski.cerknica.net\/index.php\/2025\/06\/14\/zakljucena-odlicna-sezona-2024-2025-smucarskega-kluba-cerknica\/"},"wordCount":1038,"publisher":{"@id":"https:\/\/ski.cerknica.net\/#organization"},"articleSection":["Splo\u0161no"],"inLanguage":"en-US"},{"@type":"WebPage","@id":"https:\/\/ski.cerknica.net\/index.php\/2025\/06\/14\/zakljucena-odlicna-sezona-2024-2025-smucarskega-kluba-cerknica\/","url":"https:\/\/ski.cerknica.net\/index.php\/2025\/06\/14\/zakljucena-odlicna-sezona-2024-2025-smucarskega-kluba-cerknica\/","name":"Zaklju\u010dena odli\u010dna sezona 2024\/2025 Smu\u010darskega kluba Cerknica - Smu\u010darski klub Cerknica","isPartOf":{"@id":"https:\/\/ski.cerknica.net\/#website"},"datePublished":"2025-06-14T10:49:00+00:00","dateModified":"2025-08-14T10:51:16+00:00","breadcrumb":{"@id":"https:\/\/ski.cerknica.net\/index.php\/2025\/06\/14\/zakljucena-odlicna-sezona-2024-2025-smucarskega-kluba-cerknica\/#breadcrumb"},"inLanguage":"en-US","potentialAction":[{"@type":"ReadAction","target":["https:\/\/ski.cerknica.net\/index.php\/2025\/06\/14\/zakljucena-odlicna-sezona-2024-2025-smucarskega-kluba-cerknica\/"]}]},{"@type":"BreadcrumbList","@id":"https:\/\/ski.cerknica.net\/index.php\/2025\/06\/14\/zakljucena-odlicna-sezona-2024-2025-smucarskega-kluba-cerknica\/#breadcrumb","itemListElement":[{"@type":"ListItem","position":1,"name":"Home","item":"https:\/\/ski.cerknica.net\/"},{"@type":"ListItem","position":2,"name":"Zaklju\u010dena odli\u010dna sezona 2024\/2025 Smu\u010darskega kluba Cerknica"}]},{"@type":"WebSite","@id":"https:\/\/ski.cerknica.net\/#website","url":"https:\/\/ski.cerknica.net\/","name":"Smu\u010darski klub Cerknica","description":"Klub veselih smu\u010darjev :)","publisher":{"@id":"https:\/\/ski.cerknica.net\/#organization"},"potentialAction":[{"@type":"SearchAction","target":{"@type":"EntryPoint","urlTemplate":"https:\/\/ski.cerknica.net\/?s={search_term_string}"},"query-input":"required name=search_term_string"}],"inLanguage":"en-US"},{"@type":"Organization","@id":"https:\/\/ski.cerknica.net\/#organization","name":"Smu\u010darski klub Cerknica","url":"https:\/\/ski.cerknica.net\/","sameAs":["https:\/\/www.facebook.com\/skcerknica\/"],"logo":{"@type":"ImageObject","inLanguage":"en-US","@id":"https:\/\/ski.cerknica.net\/#\/schema\/logo\/image\/","url":"https:\/\/ski.cerknica.net\/wp-content\/uploads\/2017\/10\/logo_black.jpg","contentUrl":"https:\/\/ski.cerknica.net\/wp-content\/uploads\/2017\/10\/logo_black.jpg","width":950,"height":960,"caption":"Smu\u010darski klub Cerknica"},"image":{"@id":"https:\/\/ski.cerknica.net\/#\/schema\/logo\/image\/"}},{"@type":"Person","@id":"https:\/\/ski.cerknica.net\/#\/schema\/person\/2d15ae2f9eeba4348810917484286e4d","name":"admin","url":"https:\/\/ski.cerknica.net\/index.php\/author\/jr8qrlk3\/"}]}},"_links":{"self":[{"href":"https:\/\/ski.cerknica.net\/index.php\/wp-json\/wp\/v2\/posts\/680"}],"collection":[{"href":"https:\/\/ski.cerknica.net\/index.php\/wp-json\/wp\/v2\/posts"}],"about":[{"href":"https:\/\/ski.cerknica.net\/index.php\/wp-json\/wp\/v2\/types\/post"}],"author":[{"embeddable":true,"href":"https:\/\/ski.cerknica.net\/index.php\/wp-json\/wp\/v2\/users\/1"}],"replies":[{"embeddable":true,"href":"https:\/\/ski.cerknica.net\/index.php\/wp-json\/wp\/v2\/comments?post=680"}],"version-history":[{"count":1,"href":"https:\/\/ski.cerknica.net\/index.php\/wp-json\/wp\/v2\/posts\/680\/revisions"}],"predecessor-version":[{"id":681,"href":"https:\/\/ski.cerknica.net\/index.php\/wp-json\/wp\/v2\/posts\/680\/revisions\/681"}],"wp:attachment":[{"href":"https:\/\/ski.cerknica.net\/index.php\/wp-json\/wp\/v2\/media?parent=680"}],"wp:term":[{"taxonomy":"category","embeddable":true,"href":"https:\/\/ski.cerknica.net\/index.php\/wp-json\/wp\/v2\/categories?post=680"},{"taxonomy":"post_tag","embeddable":true,"href":"https:\/\/ski.cerknica.net\/index.php\/wp-json\/wp\/v2\/tags?post=680"}],"curies":[{"name":"wp","href":"https:\/\/api.w.org\/{rel}","templated":true}]}}